{"id":59346,"date":"2025-08-01T14:53:12","date_gmt":"2025-08-01T12:53:12","guid":{"rendered":"https:\/\/www.mosteirodeoia.com\/?p=59346"},"modified":"2025-08-01T14:53:13","modified_gmt":"2025-08-01T12:53:13","slug":"un-ano-decisivo-para-o-futuro-do-real-mosteiro-de-oia","status":"publish","type":"post","link":"https:\/\/www.mosteirodeoia.com\/gl\/un-ano-decisivo-para-o-futuro-do-real-mosteiro-de-oia\/","title":{"rendered":"Un ano decisivo para o futuro do Real Mosteiro de Oia"},"content":{"rendered":"\n<p>O ano 2024 marcou un punto de inflexi\u00f3n na historia recente do Real Mosteiro de Oia. A s\u00faa VI Memoria de Sostibilidade recolle o traballo realizado durante este ano, no que se avanzou significativamente de cara \u00e1 restauraci\u00f3n definitiva do monumento, \u00e1 vez que se levou a cabo unha das iniciativas culturais m\u00e1is ambiciosas ata a data.<\/p>\n\n\n\n<p>Os traballos arqueol\u00f3xicos foron protagonistas. Prolongados ao longo de todo o ano, achegaron valiosa informaci\u00f3n que permite avanzar no dese\u00f1o dun proxecto de restauraci\u00f3n rigoroso e respectuoso co pasado. A s\u00faa magnitude supuxo unha pausa na intensa actividade cultural que vi\u00f1a caracterizando os \u00faltimos anos, a\u00ednda que se mantiveron iniciativas emblem\u00e1ticas como as visitas guiadas na Semana Santa ou a celebraci\u00f3n do 400 aniversario da \u201c<em>A Treboada<\/em>\u201d, a defensa do Mosteiro fronte a un ataque pirata que xa \u00e9 parte da s\u00faa lenda.<\/p>\n\n\n\n<p>Como resposta ao desexo de seguir compartindo o legado do Mosteiro, a actividade cultural desprazouse \u00e1 cidade de Vigo, onde se organizou a exposici\u00f3n \u201cUn mosteiro, un mar de historia(s)\u201d. A mostra, aloxada na sede de Afundaci\u00f3n, permitiu por primeira vez levar a historia do Mosteiro f\u00f3ra dos seus muros. Recibiu unha gran acollida por parte do p\u00fablico e dos medios, inclu\u00edndo publicaci\u00f3ns destacadas como <em>La Aventura de la historia<\/em> e <em>The Art Newspaper<\/em>.<\/p>\n\n\n\n<p>A exposici\u00f3n, organizada co apoio da Xunta de Galicia e o Museo de Pontevedra, foi tam\u00e9n o escenario da presentaci\u00f3n oficial do proxecto de rehabilitaci\u00f3n e ampliaci\u00f3n do Mosteiro, ante m\u00e1is de 350 persoas.<\/p>\n\n\n\n<p>O compromiso co medio ambiente e coa sostibilidade social, cultural e econ\u00f3mica segue a ser o eixo vertebral do proxecto. Ademais das actividades divulgativas, continuouse coa monitorizaci\u00f3n do r\u00edo Lavandeira no marco do Proxecto R\u00edos, e reforzouse o v\u00ednculo coa Rede Europea de Patrimonio Cisterciense, da que o Mosteiro de Oia \u00e9 membro fundador.<\/p>\n\n\n\n<p>Xo\u00e1n Mart\u00ednez, director do Real Mosteiro de Oia, destaca:<\/p>\n\n\n\n<p>&#8220;Esta memoria d\u00e1 conta dun ano decisivo. O inicio das grandes intervenci\u00f3ns est\u00e1 cada vez m\u00e1is preto, e esta pausa na actividade cultural non foi un retroceso, sen\u00f3n unha preparaci\u00f3n. \u00c1 vez que avanzamos nos estudos, levamos a alma do Mosteiro a Vigo, para que m\u00e1is xente co\u00f1eza, valore e defenda este patrimonio \u00fanico.&#8221;<\/p>\n\n\n\n<p>A VI Memoria de Sostibilidade pode consultarse na web do Mosteiro: <a href=\"https:\/\/www.mosteirodeoia.com\/gl\/memorias-de-sostibilidade\/\">https:\/\/www.mosteirodeoia.com\/gl\/memorias-de-sostibilidade\/<\/a><\/p>\n","protected":false},"excerpt":{"rendered":"<p>O ano 2024 marcou un punto de inflexi\u00f3n na historia recente do Real Mosteiro de Oia. A s\u00faa VI Memoria de Sostibilidade recolle o traballo realizado durante este ano, no que se avanzou significativamente de cara \u00e1 restauraci\u00f3n definitiva do monumento, \u00e1 vez que se levou a cabo unha das iniciativas culturais m\u00e1is ambiciosas ata [&hellip;]<\/p>\n","protected":false},"author":6,"featured_media":59347,"comment_status":"open","ping_status":"open","sticky":false,"template":"","format":"standard","meta":{"_editorskit_title_hidden":false,"_editorskit_reading_time":0,"_editorskit_is_block_options_detached":false,"_editorskit_block_options_position":"{}","_coblocks_attr":"","_coblocks_dimensions":"","_coblocks_responsive_height":"","_coblocks_accordion_ie_support":"","footnotes":""},"categories":[24],"tags":[],"class_list":["post-59346","post","type-post","status-publish","format-standard","has-post-thumbnail","hentry","category-uncategorized-gl"],"acf":[],"_links":{"self":[{"href":"https:\/\/www.mosteirodeoia.com\/gl\/wp-json\/wp\/v2\/posts\/59346"}],"collection":[{"href":"https:\/\/www.mosteirodeoia.com\/gl\/wp-json\/wp\/v2\/posts"}],"about":[{"href":"https:\/\/www.mosteirodeoia.com\/gl\/wp-json\/wp\/v2\/types\/post"}],"author":[{"embeddable":true,"href":"https:\/\/www.mosteirodeoia.com\/gl\/wp-json\/wp\/v2\/users\/6"}],"replies":[{"embeddable":true,"href":"https:\/\/www.mosteirodeoia.com\/gl\/wp-json\/wp\/v2\/comments?post=59346"}],"version-history":[{"count":1,"href":"https:\/\/www.mosteirodeoia.com\/gl\/wp-json\/wp\/v2\/posts\/59346\/revisions"}],"predecessor-version":[{"id":59350,"href":"https:\/\/www.mosteirodeoia.com\/gl\/wp-json\/wp\/v2\/posts\/59346\/revisions\/59350"}],"wp:featuredmedia":[{"embeddable":true,"href":"https:\/\/www.mosteirodeoia.com\/gl\/wp-json\/wp\/v2\/media\/59347"}],"wp:attachment":[{"href":"https:\/\/www.mosteirodeoia.com\/gl\/wp-json\/wp\/v2\/media?parent=59346"}],"wp:term":[{"taxonomy":"category","embeddable":true,"href":"https:\/\/www.mosteirodeoia.com\/gl\/wp-json\/wp\/v2\/categories?post=59346"},{"taxonomy":"post_tag","embeddable":true,"href":"https:\/\/www.mosteirodeoia.com\/gl\/wp-json\/wp\/v2\/tags?post=59346"}],"curies":[{"name":"wp","href":"https:\/\/api.w.org\/{rel}","templated":true}]}}