{"id":52636,"date":"2024-10-07T09:35:00","date_gmt":"2024-10-07T07:35:00","guid":{"rendered":"https:\/\/www.mosteirodeoia.com\/?p=52636"},"modified":"2024-12-03T13:56:00","modified_gmt":"2024-12-03T12:56:00","slug":"historia-dun-mosteiro-singular-santa-maria-a-real-de-oia","status":"publish","type":"post","link":"https:\/\/www.mosteirodeoia.com\/gl\/historia-dun-mosteiro-singular-santa-maria-a-real-de-oia\/","title":{"rendered":"Historia dun mosteiro singular: Santa Mar\u00eda a Real de Oia"},"content":{"rendered":"\n<p>A doutora en Historia da arte e correspondente acad\u00e9mica da Real Academia da Historia, Carmen Manso Porto, ofreceu un destacado relatorio maxistral na sede de Afundaci\u00f3n Vigo, titulada \u201cHistoria dun mosteiro singular: Santa Mar\u00eda a Real de Oia\u201d. Organizada pola Fundaci\u00f3n Bretal e o Real Mosteiro de Oia, a conferencia centrouse na rica historia e arquitectura do mosteiro cisterciense, un dos monumentos m\u00e1is emblem\u00e1ticos de Galicia.<\/p>\n\n\n\n<p>Durante a s\u00faa intervenci\u00f3n, Carmen Manso analizou a evoluci\u00f3n hist\u00f3rica e art\u00edstica do mosteiro, po\u00f1endo \u00e9nfase na s\u00faa singularidade dentro do conxunto de mosteiros cistercienses en Espa\u00f1a. A experta destacou elementos arquitect\u00f3nicos clave, como o claustro renacentista e as estruturas engadidas no Patio dos Naranjos durante o s\u00e9culo XVIII, subli\u00f1ando a importancia destes espazos no desenvolvemento hist\u00f3rico do conxunto monacal. Tam\u00e9n abordou o valor simb\u00f3lico e cultural do Mosteiro de Oia, \u00fanico na s\u00faa localizaci\u00f3n fronte ao oc\u00e9ano Atl\u00e1ntico, e como este feito dist\u00edngueo entre outros mosteiros cistercienses.<\/p>\n\n\n\n<p>A conferencia permitiu aos asistentes profundar nos aspectos menos co\u00f1ecidos do mosteiro e na transcendencia da s\u00faa conservaci\u00f3n ao longo dos s\u00e9culos. Manso ofreceu un percorrido rigoroso e ameno polos diferentes per\u00edodos hist\u00f3ricos, desde a fundaci\u00f3n do mosteiro no medievo ata a s\u00faa evoluci\u00f3n nos s\u00e9culos posteriores.<\/p>\n\n\n\n<p>O evento foi parte do ciclo de actividades organizadas pola Fundaci\u00f3n Bretal en torno ao Real Mosteiro de Oia, e atraeu a numerosos interesados na historia e a arquitectura do patrimonio galego. A entrada foi gratu\u00edta e a asistencia superou as expectativas, enchendo a sala de conferencias de Afundaci\u00f3n Vigo.<\/p>\n\n\n\n<p>Se queres ver o relatorio completo, pulsa <strong><a href=\"https:\/\/youtu.be\/Mww6dGB93Mk?si=-2CD4EyB8zZb38E-\">aqu\u00ed<\/a><\/strong>.<\/p>\n\n\n\n<p><\/p>\n","protected":false},"excerpt":{"rendered":"<p>A doutora en Historia da arte e correspondente acad\u00e9mica da Real Academia da Historia, Carmen Manso Porto, ofreceu un destacado relatorio maxistral na sede de Afundaci\u00f3n Vigo, titulada \u201cHistoria dun mosteiro singular: Santa Mar\u00eda a Real de Oia\u201d. Organizada pola Fundaci\u00f3n Bretal e o Real Mosteiro de Oia, a conferencia centrouse na rica historia e [&hellip;]<\/p>\n","protected":false},"author":1,"featured_media":52893,"comment_status":"open","ping_status":"open","sticky":false,"template":"","format":"standard","meta":{"_editorskit_title_hidden":false,"_editorskit_reading_time":0,"_editorskit_is_block_options_detached":false,"_editorskit_block_options_position":"{}","_coblocks_attr":"","_coblocks_dimensions":"","_coblocks_responsive_height":"","_coblocks_accordion_ie_support":"","footnotes":""},"categories":[66],"tags":[],"class_list":["post-52636","post","type-post","status-publish","format-standard","has-post-thumbnail","hentry","category-exposicion-gl"],"acf":[],"_links":{"self":[{"href":"https:\/\/www.mosteirodeoia.com\/gl\/wp-json\/wp\/v2\/posts\/52636"}],"collection":[{"href":"https:\/\/www.mosteirodeoia.com\/gl\/wp-json\/wp\/v2\/posts"}],"about":[{"href":"https:\/\/www.mosteirodeoia.com\/gl\/wp-json\/wp\/v2\/types\/post"}],"author":[{"embeddable":true,"href":"https:\/\/www.mosteirodeoia.com\/gl\/wp-json\/wp\/v2\/users\/1"}],"replies":[{"embeddable":true,"href":"https:\/\/www.mosteirodeoia.com\/gl\/wp-json\/wp\/v2\/comments?post=52636"}],"version-history":[{"count":4,"href":"https:\/\/www.mosteirodeoia.com\/gl\/wp-json\/wp\/v2\/posts\/52636\/revisions"}],"predecessor-version":[{"id":53551,"href":"https:\/\/www.mosteirodeoia.com\/gl\/wp-json\/wp\/v2\/posts\/52636\/revisions\/53551"}],"wp:featuredmedia":[{"embeddable":true,"href":"https:\/\/www.mosteirodeoia.com\/gl\/wp-json\/wp\/v2\/media\/52893"}],"wp:attachment":[{"href":"https:\/\/www.mosteirodeoia.com\/gl\/wp-json\/wp\/v2\/media?parent=52636"}],"wp:term":[{"taxonomy":"category","embeddable":true,"href":"https:\/\/www.mosteirodeoia.com\/gl\/wp-json\/wp\/v2\/categories?post=52636"},{"taxonomy":"post_tag","embeddable":true,"href":"https:\/\/www.mosteirodeoia.com\/gl\/wp-json\/wp\/v2\/tags?post=52636"}],"curies":[{"name":"wp","href":"https:\/\/api.w.org\/{rel}","templated":true}]}}