{"id":52635,"date":"2024-10-07T08:34:08","date_gmt":"2024-10-07T06:34:08","guid":{"rendered":"https:\/\/www.mosteirodeoia.com\/?p=52635"},"modified":"2024-11-04T16:17:52","modified_gmt":"2024-11-04T15:17:52","slug":"proxecto-de-restauracion-rehabilitacion-e-ampliacion-do-real-mosteiro-de-oia","status":"publish","type":"post","link":"https:\/\/www.mosteirodeoia.com\/gl\/proxecto-de-restauracion-rehabilitacion-e-ampliacion-do-real-mosteiro-de-oia\/","title":{"rendered":"Presentaci\u00f3n do proxecto de Restauraci\u00f3n, Rehabilitaci\u00f3n e Ampliaci\u00f3n do Real Mosteiro de Oia"},"content":{"rendered":"\n<p>O pasado 18 de setembro, a Fundaci\u00f3n Bretal e o estudo galego Rodr\u00edguez + Pintos Arquitectos presentaron oficialmente o proxecto de restauraci\u00f3n, rehabilitaci\u00f3n e ampliaci\u00f3n do Real Mosteiro de Oia. O evento, celebrado no Auditorio da sede de Afundaci\u00f3n Vigo, reuniu a expertos e p\u00fablico interesado na recuperaci\u00f3n deste ic\u00f3nico monumento cisterciense, cuxa relevancia hist\u00f3rica e arquitect\u00f3nica conv\u00e9rteo nun referente do patrimonio galego.<\/p>\n\n\n\n<p>A presentaci\u00f3n foi liderada por Santiago Pintos, socio fundador do estudo Rodr\u00edguez + Pintos Arquitectos, quen expuxo os detalles t\u00e9cnicos e art\u00edsticos do proxecto. O arquitecto explicou que, tras case vinte anos de traballo e estudos, a intervenci\u00f3n pretende dar continuidade \u00e1s grandes transformaci\u00f3ns que o Mosteiro experimentou ao longo dos s\u00e9culos XII, XV e XVIII, cun enfoque na sustentabilidade econ\u00f3mica, social e ambiental. \u201c\u00c9 un lugar cunha atmosfera tan potente que s\u00f3 queda entendela e respectala\u201d, afirmou Pintos, destacando a responsabilidade de preservar a esencia do Mosteiro \u00e1 vez que se lle d\u00e1 un novo uso.<\/p>\n\n\n\n<p>O proxecto \u00e9 un fito para a arquitectura galega pola s\u00faa complexidade e magnitude, abarcando a conservaci\u00f3n e modernizaci\u00f3n de espazos emblem\u00e1ticos do mosteiro. Esta restauraci\u00f3n marca o inicio dunha nova etapa para o monumento, que despois de tres s\u00e9culos volve ser obxecto dunha intervenci\u00f3n arquitect\u00f3nica de gran envergadura. Ademais de Pintos, participaron no acto Sarah Barbar\u00e1, responsable da dinamizaci\u00f3n cultural do Real Mosteiro de Oia, e Xo\u00e1n Mart\u00ednez, director do mosteiro, quen explicou como a rehabilitaci\u00f3n permitir\u00e1 integrar mellor o monumento na s\u00faa contorna e garantir a s\u00faa conservaci\u00f3n para futuras xeraci\u00f3ns.<\/p>\n\n\n\n<p>Este proxecto foi impulsado polo compromiso de MARE coa preservaci\u00f3n do patrimonio desde que adquiriu o Mosteiro fai vinte anos, e a s\u00faa culminaci\u00f3n est\u00e1 prevista para cando se obte\u00f1a a licenza municipal definitiva.<\/p>\n\n\n\n<p>A presentaci\u00f3n en Vigo foi un momento clave dentro do programa de actividades organizado en torno ao Mosteiro de Oia, pero o foco principal estivo nos detalles desta ambiciosa restauraci\u00f3n, que representa un antes e un despois na historia do monumento.<\/p>\n\n\n\n<p>Podes ver o v\u00eddeo resumen da presentaci\u00f3n do proxecto pulsando\u00a0<strong><a href=\"https:\/\/youtu.be\/0yMWVMhsy8c\">aqu\u00ed<\/a><\/strong>.<\/p>\n\n\n\n<figure class=\"wp-block-gallery has-nested-images columns-default is-cropped wp-block-gallery-1 is-layout-flex wp-block-gallery-is-layout-flex\">\n<figure class=\"wp-block-image size-large\"><img loading=\"lazy\" decoding=\"async\" width=\"1024\" height=\"577\" data-id=\"52919\" src=\"https:\/\/www.mosteirodeoia.com\/wp-content\/uploads\/2024\/09\/20240918_203215-1024x577.jpg\" alt=\"\" class=\"wp-image-52919\" srcset=\"https:\/\/www.mosteirodeoia.com\/wp-content\/uploads\/2024\/09\/20240918_203215-1024x577.jpg 1024w, https:\/\/www.mosteirodeoia.com\/wp-content\/uploads\/2024\/09\/20240918_203215-300x169.jpg 300w, https:\/\/www.mosteirodeoia.com\/wp-content\/uploads\/2024\/09\/20240918_203215-768x432.jpg 768w, https:\/\/www.mosteirodeoia.com\/wp-content\/uploads\/2024\/09\/20240918_203215-1536x865.jpg 1536w, https:\/\/www.mosteirodeoia.com\/wp-content\/uploads\/2024\/09\/20240918_203215-2048x1153.jpg 2048w\" sizes=\"(max-width: 1024px) 100vw, 1024px\" \/><\/figure>\n\n\n\n<figure class=\"wp-block-image size-large\"><img loading=\"lazy\" decoding=\"async\" width=\"1024\" height=\"768\" data-id=\"52922\" src=\"https:\/\/www.mosteirodeoia.com\/wp-content\/uploads\/2024\/09\/20240918_200048-1024x768.jpg\" alt=\"\" class=\"wp-image-52922\" srcset=\"https:\/\/www.mosteirodeoia.com\/wp-content\/uploads\/2024\/09\/20240918_200048-1024x768.jpg 1024w, https:\/\/www.mosteirodeoia.com\/wp-content\/uploads\/2024\/09\/20240918_200048-300x225.jpg 300w, https:\/\/www.mosteirodeoia.com\/wp-content\/uploads\/2024\/09\/20240918_200048-768x576.jpg 768w, https:\/\/www.mosteirodeoia.com\/wp-content\/uploads\/2024\/09\/20240918_200048-1536x1152.jpg 1536w, https:\/\/www.mosteirodeoia.com\/wp-content\/uploads\/2024\/09\/20240918_200048-2048x1536.jpg 2048w\" sizes=\"(max-width: 1024px) 100vw, 1024px\" \/><\/figure>\n<\/figure>\n","protected":false},"excerpt":{"rendered":"<p>O pasado 18 de setembro, a Fundaci\u00f3n Bretal e o estudo galego Rodr\u00edguez + Pintos Arquitectos presentaron oficialmente o proxecto de restauraci\u00f3n, rehabilitaci\u00f3n e ampliaci\u00f3n do Real Mosteiro de Oia. O evento, celebrado no Auditorio da sede de Afundaci\u00f3n Vigo, reuniu a expertos e p\u00fablico interesado na recuperaci\u00f3n deste ic\u00f3nico monumento cisterciense, cuxa relevancia hist\u00f3rica [&hellip;]<\/p>\n","protected":false},"author":1,"featured_media":52922,"comment_status":"open","ping_status":"open","sticky":false,"template":"","format":"standard","meta":{"_editorskit_title_hidden":false,"_editorskit_reading_time":0,"_editorskit_is_block_options_detached":false,"_editorskit_block_options_position":"{}","_coblocks_attr":"","_coblocks_dimensions":"","_coblocks_responsive_height":"","_coblocks_accordion_ie_support":"","footnotes":""},"categories":[66],"tags":[],"class_list":["post-52635","post","type-post","status-publish","format-standard","has-post-thumbnail","hentry","category-exposicion-gl"],"acf":[],"_links":{"self":[{"href":"https:\/\/www.mosteirodeoia.com\/gl\/wp-json\/wp\/v2\/posts\/52635"}],"collection":[{"href":"https:\/\/www.mosteirodeoia.com\/gl\/wp-json\/wp\/v2\/posts"}],"about":[{"href":"https:\/\/www.mosteirodeoia.com\/gl\/wp-json\/wp\/v2\/types\/post"}],"author":[{"embeddable":true,"href":"https:\/\/www.mosteirodeoia.com\/gl\/wp-json\/wp\/v2\/users\/1"}],"replies":[{"embeddable":true,"href":"https:\/\/www.mosteirodeoia.com\/gl\/wp-json\/wp\/v2\/comments?post=52635"}],"version-history":[{"count":4,"href":"https:\/\/www.mosteirodeoia.com\/gl\/wp-json\/wp\/v2\/posts\/52635\/revisions"}],"predecessor-version":[{"id":53081,"href":"https:\/\/www.mosteirodeoia.com\/gl\/wp-json\/wp\/v2\/posts\/52635\/revisions\/53081"}],"wp:featuredmedia":[{"embeddable":true,"href":"https:\/\/www.mosteirodeoia.com\/gl\/wp-json\/wp\/v2\/media\/52922"}],"wp:attachment":[{"href":"https:\/\/www.mosteirodeoia.com\/gl\/wp-json\/wp\/v2\/media?parent=52635"}],"wp:term":[{"taxonomy":"category","embeddable":true,"href":"https:\/\/www.mosteirodeoia.com\/gl\/wp-json\/wp\/v2\/categories?post=52635"},{"taxonomy":"post_tag","embeddable":true,"href":"https:\/\/www.mosteirodeoia.com\/gl\/wp-json\/wp\/v2\/tags?post=52635"}],"curies":[{"name":"wp","href":"https:\/\/api.w.org\/{rel}","templated":true}]}}